{"id":341,"date":"2024-03-03T08:28:00","date_gmt":"2024-03-03T08:28:00","guid":{"rendered":"https:\/\/www.charmeundstil.de\/?p=341"},"modified":"2025-03-15T13:11:34","modified_gmt":"2025-03-15T13:11:34","slug":"ein-neues-jahr-im-paradies","status":"publish","type":"post","link":"https:\/\/www.charmeundstil.de\/?p=341","title":{"rendered":"Ein neues Jahr im Paradies"},"content":{"rendered":"\n<div class=\"wp-block-media-text alignwide is-stacked-on-mobile\"><figure class=\"wp-block-media-text__media\"><img loading=\"lazy\" width=\"640\" height=\"427\" src=\"https:\/\/www.charmeundstil.de\/wp-content\/uploads\/2024\/03\/IMG_9039a.jpg\" alt=\"\" class=\"wp-image-427 size-full\" srcset=\"https:\/\/www.charmeundstil.de\/wp-content\/uploads\/2024\/03\/IMG_9039a.jpg 640w, https:\/\/www.charmeundstil.de\/wp-content\/uploads\/2024\/03\/IMG_9039a-300x200.jpg 300w\" sizes=\"(max-width: 640px) 100vw, 640px\" \/><\/figure><div class=\"wp-block-media-text__content\">\n<p class=\"has-small-font-size\">Ein neues Jahr im Paradies und wie ich das hier genie\u00df\u2019.<br>Vier Jahre lebe ich schon hier und so wie es ist, gef\u00e4llt es mir.<br>Im letzten Jahr kam zwar der Euro<br>und das bedeutete ein richtiges Teuro.<br>Trotzdem lebt es sich ruhiger hier,<br>denn ohne Stress schmeckt besser das Bier,<br>als im deutschen Land,<br>wo nichts mehr l\u00e4uft, weil \u00fcberall im Getriebe ist Sand.<\/p>\n<\/div><\/div>\n\n\n\n<p><\/p>\n\n\n\n<div class=\"wp-block-media-text alignwide has-media-on-the-right is-stacked-on-mobile\"><figure class=\"wp-block-media-text__media\"><img loading=\"lazy\" width=\"640\" height=\"427\" src=\"https:\/\/www.charmeundstil.de\/wp-content\/uploads\/2024\/03\/IMG_9111a.jpg\" alt=\"\" class=\"wp-image-428 size-full\" srcset=\"https:\/\/www.charmeundstil.de\/wp-content\/uploads\/2024\/03\/IMG_9111a.jpg 640w, https:\/\/www.charmeundstil.de\/wp-content\/uploads\/2024\/03\/IMG_9111a-300x200.jpg 300w\" sizes=\"(max-width: 640px) 100vw, 640px\" \/><\/figure><div class=\"wp-block-media-text__content\">\n<p class=\"has-small-font-size\">Es sind die Menschen, die Natur und das Meer,<br>was ich liebe ganz, ganz sehr.<br>Das alles erdet mich Tag f\u00fcr Tag,<br>egal, was die Zukunft bringen mag.<\/p>\n<\/div><\/div>\n\n\n\n<p><\/p>\n\n\n\n<div class=\"wp-block-media-text alignwide is-stacked-on-mobile\"><figure class=\"wp-block-media-text__media\"><img loading=\"lazy\" width=\"640\" height=\"427\" src=\"https:\/\/www.charmeundstil.de\/wp-content\/uploads\/2024\/03\/IMG_9034a.jpg\" alt=\"\" class=\"wp-image-426 size-full\" srcset=\"https:\/\/www.charmeundstil.de\/wp-content\/uploads\/2024\/03\/IMG_9034a.jpg 640w, https:\/\/www.charmeundstil.de\/wp-content\/uploads\/2024\/03\/IMG_9034a-300x200.jpg 300w\" sizes=\"(max-width: 640px) 100vw, 640px\" \/><\/figure><div class=\"wp-block-media-text__content\">\n<p class=\"has-small-font-size\">Mit meiner Hunde \u2013 Dame Dora<br>bin ich unterwegs in Fauna und Flora,<br>bei jedem Wetter, ob Sonne, Wind oder Regen,<br>f\u00fcr mich ist das ein gro\u00dfer Segen.<br>Bewegung an der frischen Luft,<br>B\u00e4ume und Blumen verstr\u00f6men Duft,<br>im Winter in der Adria die F\u00fc\u00dfe baden,<br>kann der Gesundheit ja nicht schaden.<br>Die Dora liegt am Strand und beobachtet mich<br>Und denkt: die Anne hat nen\u2018 Stich.<br>Sie liebt das Wasser nicht so wie ich,<br>vielleicht hat Dora ja nen\u2018 Stich.<\/p>\n<\/div><\/div>\n\n\n\n<p><\/p>\n\n\n\n<p class=\"has-text-align-center has-small-font-size\">Nur eins will ich noch \u00e4ndern in meinem Leben,<br>Kroatisch lernen- als Hommage an das Land zu geben,<br>denn wirklich brauchen tue ich es nicht,<br>weil fast Jeder Deutsch oder Englisch spricht.<br>Doch Kroatisch ist wirklich schwer,<br>das geht nicht alleine,<br>doch wer hilft mir, wer?<br>Wer hat Lust und Zeit<br>und ist dazu bereit,<br>mir das alles beizubringen<br>und mit viel Geduld schafft das Gelingen.<\/p>\n\n\n\n<p><\/p>\n\n\n\n<p class=\"has-text-align-center has-small-font-size\">Doch ich bin schon immer ein Optimist gewesen<br>Und ich glaub, ich fre\u00df\u2018 den Besen,<br>wenn es mir sollte nicht gelingen,<br>kroatisch zu sein und auch so zu klingen.<\/p>\n\n\n\n<p class=\"has-text-align-center has-small-font-size\">Im 4. Jahr im neuen Leben,<br>zeigt mir \u2013 es war nicht vergebens.<\/p>\n\n\n\n<div style=\"height:100px\" aria-hidden=\"true\" class=\"wp-block-spacer\"><\/div>\n\n\n\n<hr class=\"wp-block-separator\"\/>\n\n\n\n<div style=\"height:100px\" aria-hidden=\"true\" class=\"wp-block-spacer\"><\/div>\n","protected":false},"excerpt":{"rendered":"<p>Ein neues Jahr im Paradies und wie ich das hier genie\u00df\u2019.Vier Jahre lebe ich schon hier und so wie es ist, gef\u00e4llt es mir.Im letzten Jahr kam zwar der Euround das bedeutete ein richtiges Teuro.Trotzdem lebt es sich ruhiger hier,denn ohne Stress schmeckt besser das Bier,als im deutschen Land,wo nichts mehr l\u00e4uft, weil \u00fcberall im Getriebe ist Sand. Es sind die Menschen, die Natur und das Meer,was ich liebe ganz, ganz sehr.Das alles erdet mich Tag f\u00fcr Tag,egal, was die Zukunft bringen mag. Mit meiner Hunde \u2013 Dame Dorabin ich unterwegs in Fauna und Flora,bei jedem Wetter, ob Sonne, Wind oder Regen,f\u00fcr mich ist das ein gro\u00dfer Segen.Bewegung an der frischen Luft,B\u00e4ume und Blumen verstr\u00f6men Duft,im Winter in der Adria die F\u00fc\u00dfe baden,kann der Gesundheit ja nicht schaden.Die Dora liegt am Strand und beobachtet michUnd denkt: die Anne hat nen\u2018 Stich.Sie liebt das Wasser nicht so wie ich,vielleicht hat Dora ja nen\u2018 Stich. Nur eins will ich noch \u00e4ndern in meinem Leben,Kroatisch lernen- als Hommage an das Land zu geben,denn wirklich brauchen tue ich es nicht,weil fast Jeder Deutsch oder Englisch spricht.Doch Kroatisch ist wirklich schwer,das geht nicht alleine,doch wer hilft mir, wer?Wer hat Lust und Zeitund ist dazu bereit,mir das alles beizubringenund mit viel Geduld schafft das Gelingen. Doch ich bin schon immer ein Optimist gewesenUnd ich glaub, ich fre\u00df\u2018 den Besen,wenn es mir sollte nicht gelingen,kroatisch zu sein und auch so zu klingen. Im 4. Jahr im neuen Leben,zeigt mir \u2013 es war nicht vergebens.<\/p>\n","protected":false},"author":1,"featured_media":0,"comment_status":"open","ping_status":"open","sticky":false,"template":"","format":"standard","meta":[],"categories":[11],"tags":[],"_links":{"self":[{"href":"https:\/\/www.charmeundstil.de\/index.php?rest_route=\/wp\/v2\/posts\/341"}],"collection":[{"href":"https:\/\/www.charmeundstil.de\/index.php?rest_route=\/wp\/v2\/posts"}],"about":[{"href":"https:\/\/www.charmeundstil.de\/index.php?rest_route=\/wp\/v2\/types\/post"}],"author":[{"embeddable":true,"href":"https:\/\/www.charmeundstil.de\/index.php?rest_route=\/wp\/v2\/users\/1"}],"replies":[{"embeddable":true,"href":"https:\/\/www.charmeundstil.de\/index.php?rest_route=%2Fwp%2Fv2%2Fcomments&post=341"}],"version-history":[{"count":10,"href":"https:\/\/www.charmeundstil.de\/index.php?rest_route=\/wp\/v2\/posts\/341\/revisions"}],"predecessor-version":[{"id":439,"href":"https:\/\/www.charmeundstil.de\/index.php?rest_route=\/wp\/v2\/posts\/341\/revisions\/439"}],"wp:attachment":[{"href":"https:\/\/www.charmeundstil.de\/index.php?rest_route=%2Fwp%2Fv2%2Fmedia&parent=341"}],"wp:term":[{"taxonomy":"category","embeddable":true,"href":"https:\/\/www.charmeundstil.de\/index.php?rest_route=%2Fwp%2Fv2%2Fcategories&post=341"},{"taxonomy":"post_tag","embeddable":true,"href":"https:\/\/www.charmeundstil.de\/index.php?rest_route=%2Fwp%2Fv2%2Ftags&post=341"}],"curies":[{"name":"wp","href":"https:\/\/api.w.org\/{rel}","templated":true}]}}